{"id":335,"date":"2024-06-12T12:57:20","date_gmt":"2024-06-12T15:57:20","guid":{"rendered":"https:\/\/mascotas.tucuman.gov.ar\/?p=335"},"modified":"2024-10-16T11:27:19","modified_gmt":"2024-10-16T14:27:19","slug":"firma-renovacion-de-convenios-con-municipios-del-interior","status":"publish","type":"post","link":"https:\/\/mascotas.tucuman.gov.ar\/index.php\/2024\/06\/12\/firma-renovacion-de-convenios-con-municipios-del-interior\/","title":{"rendered":"Firma renovaci\u00f3n de convenios con municipios del interior."},"content":{"rendered":"\n<figure class=\"wp-block-image is-resized\"><img loading=\"lazy\" decoding=\"async\" width=\"1280\" height=\"853\" src=\"https:\/\/mascotas.tucuman.gov.ar\/wp-content\/uploads\/2024\/06\/WhatsApp-Image-2024-06-12-at-10.18.58-1.jpeg\" alt=\"\" class=\"wp-image-342\" style=\"width:1199px;height:auto\" srcset=\"https:\/\/mascotas.tucuman.gov.ar\/wp-content\/uploads\/2024\/06\/WhatsApp-Image-2024-06-12-at-10.18.58-1.jpeg 1280w, https:\/\/mascotas.tucuman.gov.ar\/wp-content\/uploads\/2024\/06\/WhatsApp-Image-2024-06-12-at-10.18.58-1-300x200.jpeg 300w, https:\/\/mascotas.tucuman.gov.ar\/wp-content\/uploads\/2024\/06\/WhatsApp-Image-2024-06-12-at-10.18.58-1-1024x682.jpeg 1024w, https:\/\/mascotas.tucuman.gov.ar\/wp-content\/uploads\/2024\/06\/WhatsApp-Image-2024-06-12-at-10.18.58-1-768x512.jpeg 768w\" sizes=\"auto, (max-width: 1280px) 100vw, 1280px\" \/><\/figure>\n\n\n\n<div class=\"wp-block-media-text has-media-on-the-right is-stacked-on-mobile\" style=\"grid-template-columns:auto 45%\"><div class=\"wp-block-media-text__content\">\n<p>El d\u00eda martes 11 de junio se realiz\u00f3 la renovaci\u00f3n de convenios del Programa &#8220;Tucum\u00e1n Mascota&#8221; donde participo el Gobernador de la Provincia Ctador Osvaldo Jaldo, El Presidente del programa Secretario General de la Gobernaci\u00f3n Dr. Federico Nazur, el Ministro del Interior Dar\u00edo Monteros, la representante del Programa Dra. Florencia Rocha, y los 10 municipios que cuentan con un Ce.P.S.A. (Centro Provincial de Salud Animal):<\/p>\n<\/div><figure class=\"wp-block-media-text__media\"><img loading=\"lazy\" decoding=\"async\" width=\"1024\" height=\"1024\" src=\"https:\/\/mascotas.tucuman.gov.ar\/wp-content\/uploads\/2024\/06\/EL-CHANAR-4-1024x1024.png\" alt=\"\" class=\"wp-image-344 size-full\" srcset=\"https:\/\/mascotas.tucuman.gov.ar\/wp-content\/uploads\/2024\/06\/EL-CHANAR-4-1024x1024.png 1024w, https:\/\/mascotas.tucuman.gov.ar\/wp-content\/uploads\/2024\/06\/EL-CHANAR-4-300x300.png 300w, https:\/\/mascotas.tucuman.gov.ar\/wp-content\/uploads\/2024\/06\/EL-CHANAR-4-150x150.png 150w, https:\/\/mascotas.tucuman.gov.ar\/wp-content\/uploads\/2024\/06\/EL-CHANAR-4-768x768.png 768w, https:\/\/mascotas.tucuman.gov.ar\/wp-content\/uploads\/2024\/06\/EL-CHANAR-4.png 1080w\" sizes=\"auto, (max-width: 1024px) 100vw, 1024px\" \/><\/figure><\/div>\n\n\n\n<p>Francisco Serra, intendente de Monteros.<\/p>\n\n\n\n<p>Beatriz Albarrac\u00edn, intendente de Lules.<\/p>\n\n\n\n<p>Elvio Salazar, intendente de Simoca.<\/p>\n\n\n\n<p>Alejandra Rodr\u00edguez, intendente de Taff Viejo.<\/p>\n\n\n\n<p>Antonio Moreno, intendente de Trancas.<\/p>\n\n\n\n<p>Luis Campos, intendente de Alberdi.<\/p>\n\n\n\n<p>Gimena Mansilla, intendenta de Aguilares<\/p>\n\n\n\n<p>Gonzalo Monteros, intendente de la Banda del R\u00edo Sal\u00ed.<\/p>\n\n\n\n<p>Enrique Orellana intendente de Famaill\u00e1.<\/p>\n\n\n\n<p>y Leopoldo Rodr\u00edguez, intendente de La Cocha<\/p>\n\n\n\n<figure class=\"wp-block-gallery has-nested-images columns-default is-cropped wp-block-gallery-1 is-layout-flex wp-block-gallery-is-layout-flex\">\n<figure class=\"wp-block-image size-large\"><img loading=\"lazy\" decoding=\"async\" width=\"1024\" height=\"682\" data-id=\"340\" src=\"https:\/\/mascotas.tucuman.gov.ar\/wp-content\/uploads\/2024\/06\/WhatsApp-Image-2024-06-12-at-10.18.59-1024x682.jpeg\" alt=\"\" class=\"wp-image-340\" srcset=\"https:\/\/mascotas.tucuman.gov.ar\/wp-content\/uploads\/2024\/06\/WhatsApp-Image-2024-06-12-at-10.18.59-1024x682.jpeg 1024w, https:\/\/mascotas.tucuman.gov.ar\/wp-content\/uploads\/2024\/06\/WhatsApp-Image-2024-06-12-at-10.18.59-300x200.jpeg 300w, https:\/\/mascotas.tucuman.gov.ar\/wp-content\/uploads\/2024\/06\/WhatsApp-Image-2024-06-12-at-10.18.59-768x512.jpeg 768w, https:\/\/mascotas.tucuman.gov.ar\/wp-content\/uploads\/2024\/06\/WhatsApp-Image-2024-06-12-at-10.18.59.jpeg 1280w\" sizes=\"auto, (max-width: 1024px) 100vw, 1024px\" \/><\/figure>\n\n\n\n<figure class=\"wp-block-image size-large\"><img loading=\"lazy\" decoding=\"async\" width=\"1024\" height=\"682\" data-id=\"339\" src=\"https:\/\/mascotas.tucuman.gov.ar\/wp-content\/uploads\/2024\/06\/WhatsApp-Image-2024-06-12-at-10.18.59-1-1024x682.jpeg\" alt=\"\" class=\"wp-image-339\" srcset=\"https:\/\/mascotas.tucuman.gov.ar\/wp-content\/uploads\/2024\/06\/WhatsApp-Image-2024-06-12-at-10.18.59-1-1024x682.jpeg 1024w, https:\/\/mascotas.tucuman.gov.ar\/wp-content\/uploads\/2024\/06\/WhatsApp-Image-2024-06-12-at-10.18.59-1-300x200.jpeg 300w, https:\/\/mascotas.tucuman.gov.ar\/wp-content\/uploads\/2024\/06\/WhatsApp-Image-2024-06-12-at-10.18.59-1-768x512.jpeg 768w, https:\/\/mascotas.tucuman.gov.ar\/wp-content\/uploads\/2024\/06\/WhatsApp-Image-2024-06-12-at-10.18.59-1.jpeg 1280w\" sizes=\"auto, (max-width: 1024px) 100vw, 1024px\" \/><\/figure>\n<\/figure>\n\n\n\n<div class=\"wp-block-media-text is-stacked-on-mobile\" style=\"grid-template-columns:32% auto\"><figure class=\"wp-block-media-text__media\"><img loading=\"lazy\" decoding=\"async\" width=\"1024\" height=\"1024\" src=\"https:\/\/mascotas.tucuman.gov.ar\/wp-content\/uploads\/2024\/06\/EL-CHANAR-7-1024x1024.png\" alt=\"\" class=\"wp-image-343 size-full\" srcset=\"https:\/\/mascotas.tucuman.gov.ar\/wp-content\/uploads\/2024\/06\/EL-CHANAR-7-1024x1024.png 1024w, https:\/\/mascotas.tucuman.gov.ar\/wp-content\/uploads\/2024\/06\/EL-CHANAR-7-300x300.png 300w, https:\/\/mascotas.tucuman.gov.ar\/wp-content\/uploads\/2024\/06\/EL-CHANAR-7-150x150.png 150w, https:\/\/mascotas.tucuman.gov.ar\/wp-content\/uploads\/2024\/06\/EL-CHANAR-7-768x768.png 768w, https:\/\/mascotas.tucuman.gov.ar\/wp-content\/uploads\/2024\/06\/EL-CHANAR-7.png 1080w\" sizes=\"auto, (max-width: 1024px) 100vw, 1024px\" \/><\/figure><div class=\"wp-block-media-text__content\">\n<p>Nuestro Programa tiene como objetivo fundamental abordar la problem\u00e1tica del control poblacional de animales y fomentar la tenencia responsable de mascotas.<\/p>\n<\/div><\/div>\n\n\n\n<p>En el constante trabajo nos consolidamos como una iniciativa clave para nuestra comunidad. Los servicios que ofrecemos son: castraciones, desparasitaciones y vacunaci\u00f3n antirr\u00e1bica, brindando un ahorro significativo para la poblaci\u00f3n al ser completamente gratuitos. Tucum\u00e1n Mascotas est\u00e1 formado no solo por 10 centros de asistencia Ce.P.S.A. ubicados en distintos municipios, sino tambi\u00e9n por una posta animal en la comuna de Amaicha; y dos m\u00f3viles que recorren toda la provincia, proporcionando las mismas prestaciones a las comunidades.<\/p>\n\n\n\n<p>Realizamos un trabajo en conjunto y coordinado con solo con las Intendencias, sino tambi\u00e9n con las distintas Comunas del Interior de la Provincia y, con Asociaciones y Fundaciones rescatistas y en Capital con el Concejal Ernesto Nagle.<\/p>\n\n\n\n<p>Debemos destacar que el resultado no ser\u00eda posible sin el acompa\u00f1amiento del Ministerio de Salud, Ministerio del Interior y Ministerio de Seguridad<\/p>\n\n\n\n<p>Agradecemos las palabras de apoyo del gobernador para todo este gran Equipo, invit\u00e1ndonos a redoblar los esfuerzos para trabajar ampliada mente a lo largo y ancho de la provincia; por la Salud, &nbsp;Educaci\u00f3n, Protecci\u00f3n y Concientizaci\u00f3n Animal.<\/p>\n","protected":false},"excerpt":{"rendered":"<p>El d\u00eda martes 11 de junio se realiz\u00f3 la renovaci\u00f3n de convenios del Programa &#8220;Tucum\u00e1n Mascotas&#8221;.<\/p>\n","protected":false},"author":5,"featured_media":338,"comment_status":"open","ping_status":"open","sticky":false,"template":"","format":"standard","meta":{"footnotes":""},"categories":[6],"tags":[11],"class_list":["post-335","post","type-post","status-publish","format-standard","has-post-thumbnail","hentry","category-pub","tag-home"],"blocksy_meta":[],"_links":{"self":[{"href":"https:\/\/mascotas.tucuman.gov.ar\/index.php\/wp-json\/wp\/v2\/posts\/335","targetHints":{"allow":["GET"]}}],"collection":[{"href":"https:\/\/mascotas.tucuman.gov.ar\/index.php\/wp-json\/wp\/v2\/posts"}],"about":[{"href":"https:\/\/mascotas.tucuman.gov.ar\/index.php\/wp-json\/wp\/v2\/types\/post"}],"author":[{"embeddable":true,"href":"https:\/\/mascotas.tucuman.gov.ar\/index.php\/wp-json\/wp\/v2\/users\/5"}],"replies":[{"embeddable":true,"href":"https:\/\/mascotas.tucuman.gov.ar\/index.php\/wp-json\/wp\/v2\/comments?post=335"}],"version-history":[{"count":3,"href":"https:\/\/mascotas.tucuman.gov.ar\/index.php\/wp-json\/wp\/v2\/posts\/335\/revisions"}],"predecessor-version":[{"id":454,"href":"https:\/\/mascotas.tucuman.gov.ar\/index.php\/wp-json\/wp\/v2\/posts\/335\/revisions\/454"}],"wp:featuredmedia":[{"embeddable":true,"href":"https:\/\/mascotas.tucuman.gov.ar\/index.php\/wp-json\/wp\/v2\/media\/338"}],"wp:attachment":[{"href":"https:\/\/mascotas.tucuman.gov.ar\/index.php\/wp-json\/wp\/v2\/media?parent=335"}],"wp:term":[{"taxonomy":"category","embeddable":true,"href":"https:\/\/mascotas.tucuman.gov.ar\/index.php\/wp-json\/wp\/v2\/categories?post=335"},{"taxonomy":"post_tag","embeddable":true,"href":"https:\/\/mascotas.tucuman.gov.ar\/index.php\/wp-json\/wp\/v2\/tags?post=335"}],"curies":[{"name":"wp","href":"https:\/\/api.w.org\/{rel}","templated":true}]}}