{"id":467,"date":"2024-08-21T12:07:43","date_gmt":"2024-08-21T15:07:43","guid":{"rendered":"https:\/\/mascotas.tucuman.gov.ar\/?p=467"},"modified":"2024-10-16T11:27:27","modified_gmt":"2024-10-16T14:27:27","slug":"trabajo-en-conjunto","status":"publish","type":"post","link":"https:\/\/mascotas.tucuman.gov.ar\/index.php\/2024\/08\/21\/trabajo-en-conjunto\/","title":{"rendered":"Trabajo en Conjunto"},"content":{"rendered":"\n<p>Durante la ma\u00f1ana del 21 de Agosto, se reunieron en la Avenida Mate de Luna 1935 para coordinar la planificaci\u00f3n de trabajo en conjunto en territorio del Programa de tenencia responsable &#8221;Tucum\u00e1n Mascotas&#8221; y el establecimiento dedicado a la salud animal &#8221;Divisi\u00f3n Zoonosis&#8221; de la provincia, los responsables de ambos programas, la Dra. Florencia Rocha (Tucum\u00e1n Mascotas) y el M\u00e9dico Veterinario Sebasti\u00e1n Rivadeneira (Divisi\u00f3n Zoonosis).<\/p>\n\n\n\n<figure class=\"wp-block-image aligncenter size-large is-resized\"><img loading=\"lazy\" decoding=\"async\" width=\"768\" height=\"1024\" src=\"https:\/\/mascotas.tucuman.gov.ar\/wp-content\/uploads\/2024\/08\/WhatsApp-Image-2024-08-21-at-09.45.30-768x1024.jpeg\" alt=\"\" class=\"wp-image-468\" style=\"width:482px;height:auto\" srcset=\"https:\/\/mascotas.tucuman.gov.ar\/wp-content\/uploads\/2024\/08\/WhatsApp-Image-2024-08-21-at-09.45.30-768x1024.jpeg 768w, https:\/\/mascotas.tucuman.gov.ar\/wp-content\/uploads\/2024\/08\/WhatsApp-Image-2024-08-21-at-09.45.30-225x300.jpeg 225w, https:\/\/mascotas.tucuman.gov.ar\/wp-content\/uploads\/2024\/08\/WhatsApp-Image-2024-08-21-at-09.45.30-1152x1536.jpeg 1152w, https:\/\/mascotas.tucuman.gov.ar\/wp-content\/uploads\/2024\/08\/WhatsApp-Image-2024-08-21-at-09.45.30.jpeg 1200w\" sizes=\"auto, (max-width: 768px) 100vw, 768px\" \/><figcaption class=\"wp-element-caption\">Foto de La Dra. Florencia Rocha y el M\u00e9dico Veterinario Sebast\u00edan Rivadeneira.<\/figcaption><\/figure>\n\n\n\n<figure class=\"wp-block-gallery has-nested-images columns-default is-cropped wp-block-gallery-1 is-layout-flex wp-block-gallery-is-layout-flex\">\n<figure class=\"wp-block-image size-full\"><img loading=\"lazy\" decoding=\"async\" width=\"1024\" height=\"614\" data-id=\"470\" src=\"https:\/\/mascotas.tucuman.gov.ar\/wp-content\/uploads\/2024\/08\/portada-7-1024x614-1.jpg\" alt=\"\" class=\"wp-image-470\" srcset=\"https:\/\/mascotas.tucuman.gov.ar\/wp-content\/uploads\/2024\/08\/portada-7-1024x614-1.jpg 1024w, https:\/\/mascotas.tucuman.gov.ar\/wp-content\/uploads\/2024\/08\/portada-7-1024x614-1-300x180.jpg 300w, https:\/\/mascotas.tucuman.gov.ar\/wp-content\/uploads\/2024\/08\/portada-7-1024x614-1-768x461.jpg 768w\" sizes=\"auto, (max-width: 1024px) 100vw, 1024px\" \/><figcaption class=\"wp-element-caption\">Divisi\u00f3n Zoonosis<\/figcaption><\/figure>\n\n\n\n<figure class=\"wp-block-image size-large\"><img loading=\"lazy\" decoding=\"async\" width=\"650\" height=\"440\" data-id=\"471\" src=\"https:\/\/mascotas.tucuman.gov.ar\/wp-content\/uploads\/2024\/08\/650x440_230427125327_68480.jpg\" alt=\"\" class=\"wp-image-471\" srcset=\"https:\/\/mascotas.tucuman.gov.ar\/wp-content\/uploads\/2024\/08\/650x440_230427125327_68480.jpg 650w, https:\/\/mascotas.tucuman.gov.ar\/wp-content\/uploads\/2024\/08\/650x440_230427125327_68480-300x203.jpg 300w\" sizes=\"auto, (max-width: 650px) 100vw, 650px\" \/><figcaption class=\"wp-element-caption\">Tucum\u00e1n Mascotas<\/figcaption><\/figure>\n<\/figure>\n\n\n\n<p><\/p>\n","protected":false},"excerpt":{"rendered":"<p>Durante la ma\u00f1ana del 21 de Agosto, se reunieron en la Avenida Mate de Luna 1935 para coordinar la planificaci\u00f3n de trabajo en conjunto en territorio del Programa de tenencia responsable &#8221;Tucum\u00e1n Mascotas&#8221; y el establecimiento dedicado a la salud animal &#8221;Divisi\u00f3n Zoonosis&#8221; de la provincia, los responsables de ambos programas, la Dra. Florencia Rocha [&hellip;]<\/p>\n","protected":false},"author":5,"featured_media":468,"comment_status":"open","ping_status":"open","sticky":false,"template":"","format":"standard","meta":{"footnotes":""},"categories":[1],"tags":[11],"class_list":["post-467","post","type-post","status-publish","format-standard","has-post-thumbnail","hentry","category-sin-categoria","tag-home"],"blocksy_meta":[],"_links":{"self":[{"href":"https:\/\/mascotas.tucuman.gov.ar\/index.php\/wp-json\/wp\/v2\/posts\/467","targetHints":{"allow":["GET"]}}],"collection":[{"href":"https:\/\/mascotas.tucuman.gov.ar\/index.php\/wp-json\/wp\/v2\/posts"}],"about":[{"href":"https:\/\/mascotas.tucuman.gov.ar\/index.php\/wp-json\/wp\/v2\/types\/post"}],"author":[{"embeddable":true,"href":"https:\/\/mascotas.tucuman.gov.ar\/index.php\/wp-json\/wp\/v2\/users\/5"}],"replies":[{"embeddable":true,"href":"https:\/\/mascotas.tucuman.gov.ar\/index.php\/wp-json\/wp\/v2\/comments?post=467"}],"version-history":[{"count":3,"href":"https:\/\/mascotas.tucuman.gov.ar\/index.php\/wp-json\/wp\/v2\/posts\/467\/revisions"}],"predecessor-version":[{"id":474,"href":"https:\/\/mascotas.tucuman.gov.ar\/index.php\/wp-json\/wp\/v2\/posts\/467\/revisions\/474"}],"wp:featuredmedia":[{"embeddable":true,"href":"https:\/\/mascotas.tucuman.gov.ar\/index.php\/wp-json\/wp\/v2\/media\/468"}],"wp:attachment":[{"href":"https:\/\/mascotas.tucuman.gov.ar\/index.php\/wp-json\/wp\/v2\/media?parent=467"}],"wp:term":[{"taxonomy":"category","embeddable":true,"href":"https:\/\/mascotas.tucuman.gov.ar\/index.php\/wp-json\/wp\/v2\/categories?post=467"},{"taxonomy":"post_tag","embeddable":true,"href":"https:\/\/mascotas.tucuman.gov.ar\/index.php\/wp-json\/wp\/v2\/tags?post=467"}],"curies":[{"name":"wp","href":"https:\/\/api.w.org\/{rel}","templated":true}]}}