{"id":634,"date":"2024-11-08T11:55:36","date_gmt":"2024-11-08T14:55:36","guid":{"rendered":"https:\/\/mascotas.tucuman.gov.ar\/?p=634"},"modified":"2024-11-08T11:56:26","modified_gmt":"2024-11-08T14:56:26","slug":"se-abren-los-turnos-virtuales-para-el-programa-tucuman-mascotas","status":"publish","type":"post","link":"https:\/\/mascotas.tucuman.gov.ar\/index.php\/2024\/11\/08\/se-abren-los-turnos-virtuales-para-el-programa-tucuman-mascotas\/","title":{"rendered":"Se abren los turnos virtuales para el programa Tucum\u00e1n Mascotas."},"content":{"rendered":"\n<p>Desde este viernes, el programa<a href=\"https:\/\/mascotas.tucuman.gov.ar\/\" rel=\"noreferrer noopener\" target=\"_blank\"><strong>&nbsp;Tucum\u00e1n Mascotas<\/strong><\/a>&nbsp;cuenta con un turnero virtual para solicitar turnos para castraci\u00f3n en los diferentes operativos que se llevan a cabo en la provincia. Para vacunaci\u00f3n antirr\u00e1bica y desparasitaci\u00f3n, la atenci\u00f3n es sin turno y por orden de llegada.<\/p>\n\n\n\n<p>&nbsp;En sus redes sociales, Tucum\u00e1n Mascotas publica a diario el cronograma de visitas por los municipios y comunas. La pr\u00f3xima visita se desarrollar\u00e1 en Villa Vieja (Trancas) los d\u00edas 13, 14 y 15 de noviembre.&nbsp;<\/p>\n\n\n\n<figure class=\"wp-block-image aligncenter size-large is-resized\"><img loading=\"lazy\" decoding=\"async\" width=\"1366\" height=\"722\" src=\"https:\/\/mascotas.tucuman.gov.ar\/wp-content\/uploads\/2024\/11\/1-1024x541.jpeg\" alt=\"\" class=\"wp-image-637\" style=\"width:717px;height:auto\" srcset=\"https:\/\/mascotas.tucuman.gov.ar\/wp-content\/uploads\/2024\/11\/1-1024x541.jpeg 1024w, https:\/\/mascotas.tucuman.gov.ar\/wp-content\/uploads\/2024\/11\/1-300x159.jpeg 300w, https:\/\/mascotas.tucuman.gov.ar\/wp-content\/uploads\/2024\/11\/1-768x406.jpeg 768w, https:\/\/mascotas.tucuman.gov.ar\/wp-content\/uploads\/2024\/11\/1.jpeg 1366w\" sizes=\"auto, (max-width: 1366px) 100vw, 1366px\" \/><\/figure>\n\n\n\n<p>En esa l\u00ednea, inform\u00f3 que &#8220;hoy se est\u00e1 inaugurando el turnero para Villa Vieja (Trancas) y posteriormente vamos a estar por la capital, en el barrio 11 de Marzo, barrio San Alberto y en el barrio Los Pl\u00e1tanos&#8221;.&nbsp;<\/p>\n\n\n\n<p>&nbsp;La tenencia responsable y el cuidado de las mascotas son parte de la pol\u00edtica de Estado del gobernador,&nbsp;<strong>Osvaldo Jaldo<\/strong>.&nbsp;<\/p>\n\n\n\n<p><\/p>\n","protected":false},"excerpt":{"rendered":"<p>Desde este viernes, el programa&nbsp;Tucum\u00e1n Mascotas&nbsp;cuenta con un turnero virtual para solicitar turnos para castraci\u00f3n en los diferentes operativos que se llevan a cabo en la provincia. Para vacunaci\u00f3n antirr\u00e1bica y desparasitaci\u00f3n, la atenci\u00f3n es sin turno y por orden de llegada. &nbsp;En sus redes sociales, Tucum\u00e1n Mascotas publica a diario el cronograma de visitas [&hellip;]<\/p>\n","protected":false},"author":5,"featured_media":635,"comment_status":"open","ping_status":"open","sticky":false,"template":"","format":"standard","meta":{"footnotes":""},"categories":[1],"tags":[11],"class_list":["post-634","post","type-post","status-publish","format-standard","has-post-thumbnail","hentry","category-sin-categoria","tag-home"],"blocksy_meta":[],"_links":{"self":[{"href":"https:\/\/mascotas.tucuman.gov.ar\/index.php\/wp-json\/wp\/v2\/posts\/634","targetHints":{"allow":["GET"]}}],"collection":[{"href":"https:\/\/mascotas.tucuman.gov.ar\/index.php\/wp-json\/wp\/v2\/posts"}],"about":[{"href":"https:\/\/mascotas.tucuman.gov.ar\/index.php\/wp-json\/wp\/v2\/types\/post"}],"author":[{"embeddable":true,"href":"https:\/\/mascotas.tucuman.gov.ar\/index.php\/wp-json\/wp\/v2\/users\/5"}],"replies":[{"embeddable":true,"href":"https:\/\/mascotas.tucuman.gov.ar\/index.php\/wp-json\/wp\/v2\/comments?post=634"}],"version-history":[{"count":1,"href":"https:\/\/mascotas.tucuman.gov.ar\/index.php\/wp-json\/wp\/v2\/posts\/634\/revisions"}],"predecessor-version":[{"id":638,"href":"https:\/\/mascotas.tucuman.gov.ar\/index.php\/wp-json\/wp\/v2\/posts\/634\/revisions\/638"}],"wp:featuredmedia":[{"embeddable":true,"href":"https:\/\/mascotas.tucuman.gov.ar\/index.php\/wp-json\/wp\/v2\/media\/635"}],"wp:attachment":[{"href":"https:\/\/mascotas.tucuman.gov.ar\/index.php\/wp-json\/wp\/v2\/media?parent=634"}],"wp:term":[{"taxonomy":"category","embeddable":true,"href":"https:\/\/mascotas.tucuman.gov.ar\/index.php\/wp-json\/wp\/v2\/categories?post=634"},{"taxonomy":"post_tag","embeddable":true,"href":"https:\/\/mascotas.tucuman.gov.ar\/index.php\/wp-json\/wp\/v2\/tags?post=634"}],"curies":[{"name":"wp","href":"https:\/\/api.w.org\/{rel}","templated":true}]}}