{"id":835,"date":"2025-02-26T11:51:31","date_gmt":"2025-02-26T14:51:31","guid":{"rendered":"https:\/\/mascotas.tucuman.gov.ar\/?p=835"},"modified":"2025-03-31T10:54:44","modified_gmt":"2025-03-31T13:54:44","slug":"calendario-operativo-marzo-2025","status":"publish","type":"post","link":"https:\/\/mascotas.tucuman.gov.ar\/index.php\/2025\/02\/26\/calendario-operativo-marzo-2025\/","title":{"rendered":"Calendario operativo marzo 2025"},"content":{"rendered":"\n<p>Marzo lleg\u00f3 y el programa contin\u00faa este a\u00f1o con su trabajo en conjunto con las comunas y los municipios .<\/p>\n\n\n\n<figure class=\"wp-block-image aligncenter size-large is-resized\"><img loading=\"lazy\" decoding=\"async\" width=\"576\" height=\"1024\" src=\"https:\/\/mascotas.tucuman.gov.ar\/wp-content\/uploads\/2025\/02\/Barrio-Villa-Angelina-20-576x1024.png\" alt=\"\" class=\"wp-image-836\" style=\"width:633px;height:auto\" srcset=\"https:\/\/mascotas.tucuman.gov.ar\/wp-content\/uploads\/2025\/02\/Barrio-Villa-Angelina-20-576x1024.png 576w, https:\/\/mascotas.tucuman.gov.ar\/wp-content\/uploads\/2025\/02\/Barrio-Villa-Angelina-20-169x300.png 169w, https:\/\/mascotas.tucuman.gov.ar\/wp-content\/uploads\/2025\/02\/Barrio-Villa-Angelina-20-768x1365.png 768w, https:\/\/mascotas.tucuman.gov.ar\/wp-content\/uploads\/2025\/02\/Barrio-Villa-Angelina-20-864x1536.png 864w, https:\/\/mascotas.tucuman.gov.ar\/wp-content\/uploads\/2025\/02\/Barrio-Villa-Angelina-20.png 1080w\" sizes=\"auto, (max-width: 576px) 100vw, 576px\" \/><\/figure>\n\n\n\n<figure class=\"wp-block-image aligncenter size-large\"><img loading=\"lazy\" decoding=\"async\" width=\"576\" height=\"1024\" src=\"https:\/\/mascotas.tucuman.gov.ar\/wp-content\/uploads\/2025\/02\/Barrio-Villa-Angelina-22-576x1024.png\" alt=\"\" class=\"wp-image-840\" srcset=\"https:\/\/mascotas.tucuman.gov.ar\/wp-content\/uploads\/2025\/02\/Barrio-Villa-Angelina-22-576x1024.png 576w, https:\/\/mascotas.tucuman.gov.ar\/wp-content\/uploads\/2025\/02\/Barrio-Villa-Angelina-22-169x300.png 169w, https:\/\/mascotas.tucuman.gov.ar\/wp-content\/uploads\/2025\/02\/Barrio-Villa-Angelina-22-768x1365.png 768w, https:\/\/mascotas.tucuman.gov.ar\/wp-content\/uploads\/2025\/02\/Barrio-Villa-Angelina-22-864x1536.png 864w, https:\/\/mascotas.tucuman.gov.ar\/wp-content\/uploads\/2025\/02\/Barrio-Villa-Angelina-22.png 1080w\" sizes=\"auto, (max-width: 576px) 100vw, 576px\" \/><\/figure>\n\n\n\n<p>El programa contin\u00faa este mes que viene con su trabajo en conjunto con las comunas y los municipios . Promoviendo la tenencia responsable de animales con los servicios de castraci\u00f3n, vacunaci\u00f3n antirr\u00e1bica y desparasitaci\u00f3n. Informando el cronograma de los Operativos en toda la Provincia.<\/p>\n","protected":false},"excerpt":{"rendered":"<p>Marzo lleg\u00f3 y el programa contin\u00faa este a\u00f1o con su trabajo en conjunto con las comunas y los municipios . El programa contin\u00faa este mes que viene con su trabajo en conjunto con las comunas y los municipios . Promoviendo la tenencia responsable de animales con los servicios de castraci\u00f3n, vacunaci\u00f3n antirr\u00e1bica y desparasitaci\u00f3n. Informando [&hellip;]<\/p>\n","protected":false},"author":5,"featured_media":837,"comment_status":"open","ping_status":"open","sticky":false,"template":"","format":"standard","meta":{"footnotes":""},"categories":[13,1],"tags":[],"class_list":["post-835","post","type-post","status-publish","format-standard","has-post-thumbnail","hentry","category-calendario","category-sin-categoria"],"blocksy_meta":[],"_links":{"self":[{"href":"https:\/\/mascotas.tucuman.gov.ar\/index.php\/wp-json\/wp\/v2\/posts\/835","targetHints":{"allow":["GET"]}}],"collection":[{"href":"https:\/\/mascotas.tucuman.gov.ar\/index.php\/wp-json\/wp\/v2\/posts"}],"about":[{"href":"https:\/\/mascotas.tucuman.gov.ar\/index.php\/wp-json\/wp\/v2\/types\/post"}],"author":[{"embeddable":true,"href":"https:\/\/mascotas.tucuman.gov.ar\/index.php\/wp-json\/wp\/v2\/users\/5"}],"replies":[{"embeddable":true,"href":"https:\/\/mascotas.tucuman.gov.ar\/index.php\/wp-json\/wp\/v2\/comments?post=835"}],"version-history":[{"count":2,"href":"https:\/\/mascotas.tucuman.gov.ar\/index.php\/wp-json\/wp\/v2\/posts\/835\/revisions"}],"predecessor-version":[{"id":842,"href":"https:\/\/mascotas.tucuman.gov.ar\/index.php\/wp-json\/wp\/v2\/posts\/835\/revisions\/842"}],"wp:featuredmedia":[{"embeddable":true,"href":"https:\/\/mascotas.tucuman.gov.ar\/index.php\/wp-json\/wp\/v2\/media\/837"}],"wp:attachment":[{"href":"https:\/\/mascotas.tucuman.gov.ar\/index.php\/wp-json\/wp\/v2\/media?parent=835"}],"wp:term":[{"taxonomy":"category","embeddable":true,"href":"https:\/\/mascotas.tucuman.gov.ar\/index.php\/wp-json\/wp\/v2\/categories?post=835"},{"taxonomy":"post_tag","embeddable":true,"href":"https:\/\/mascotas.tucuman.gov.ar\/index.php\/wp-json\/wp\/v2\/tags?post=835"}],"curies":[{"name":"wp","href":"https:\/\/api.w.org\/{rel}","templated":true}]}}