{"id":903,"date":"2026-04-24T12:28:56","date_gmt":"2026-04-24T15:28:56","guid":{"rendered":"https:\/\/mascotas.tucuman.gov.ar\/?p=903"},"modified":"2026-04-24T12:29:31","modified_gmt":"2026-04-24T15:29:31","slug":"operativos-en-tiempos-de-inclemencias-climaticas","status":"publish","type":"post","link":"https:\/\/mascotas.tucuman.gov.ar\/index.php\/2026\/04\/24\/operativos-en-tiempos-de-inclemencias-climaticas\/","title":{"rendered":"Operativos en Tiempos de Inclemencias Clim\u00e1ticas"},"content":{"rendered":"\n<figure class=\"wp-block-image size-large\"><img loading=\"lazy\" decoding=\"async\" width=\"1024\" height=\"768\" src=\"https:\/\/mascotas.tucuman.gov.ar\/wp-content\/uploads\/2026\/04\/WhatsApp-Image-2026-04-24-at-12.23.54-1024x768.jpeg\" alt=\"\" class=\"wp-image-915\" srcset=\"https:\/\/mascotas.tucuman.gov.ar\/wp-content\/uploads\/2026\/04\/WhatsApp-Image-2026-04-24-at-12.23.54-1024x768.jpeg 1024w, https:\/\/mascotas.tucuman.gov.ar\/wp-content\/uploads\/2026\/04\/WhatsApp-Image-2026-04-24-at-12.23.54-300x225.jpeg 300w, https:\/\/mascotas.tucuman.gov.ar\/wp-content\/uploads\/2026\/04\/WhatsApp-Image-2026-04-24-at-12.23.54-768x576.jpeg 768w, https:\/\/mascotas.tucuman.gov.ar\/wp-content\/uploads\/2026\/04\/WhatsApp-Image-2026-04-24-at-12.23.54.jpeg 1280w\" sizes=\"auto, (max-width: 1024px) 100vw, 1024px\" \/><\/figure>\n\n\n\n<p>Bajo la instrucci\u00f3n directa del Gobernador Osvaldo Jaldo, y en el marco de las pol\u00edticas de cercan\u00eda y protecci\u00f3n ciudadana, el Programa Tucum\u00e1n Mascotas despleg\u00f3 un dispositivo de emergencia para mitigar los efectos de las inundaciones en las zonas m\u00e1s vulnerables de la provincia. Esta acci\u00f3n se fundament\u00f3 en la premisa de que la salud p\u00fablica es integral, comprendiendo el bienestar de los animales como un factor determinante en la sanidad de las familias tucumanas.<\/p>\n\n\n\n<figure class=\"wp-block-image size-large\"><img loading=\"lazy\" decoding=\"async\" width=\"1024\" height=\"768\" src=\"https:\/\/mascotas.tucuman.gov.ar\/wp-content\/uploads\/2026\/04\/WhatsApp-Image-2026-04-24-at-12.23.52-1024x768.jpeg\" alt=\"\" class=\"wp-image-916\" srcset=\"https:\/\/mascotas.tucuman.gov.ar\/wp-content\/uploads\/2026\/04\/WhatsApp-Image-2026-04-24-at-12.23.52-1024x768.jpeg 1024w, https:\/\/mascotas.tucuman.gov.ar\/wp-content\/uploads\/2026\/04\/WhatsApp-Image-2026-04-24-at-12.23.52-300x225.jpeg 300w, https:\/\/mascotas.tucuman.gov.ar\/wp-content\/uploads\/2026\/04\/WhatsApp-Image-2026-04-24-at-12.23.52-768x576.jpeg 768w, https:\/\/mascotas.tucuman.gov.ar\/wp-content\/uploads\/2026\/04\/WhatsApp-Image-2026-04-24-at-12.23.52.jpeg 1280w\" sizes=\"auto, (max-width: 1024px) 100vw, 1024px\" \/><\/figure>\n\n\n\n<p><br>\u200b<em>Articulaci\u00f3n Interministerial y Alianzas Estrat\u00e9gicas \u200bPara garantizar una respuesta eficaz y de alcance total, se consolid\u00f3 una mesa de trabajo conjunta con las siguientes organismos: \u200bMinisterio de Salud P\u00fablica: Coordinaci\u00f3n de barreras sanitarias y prevenci\u00f3n de zoonosis. \u200bMinisterio del Interior: Log\u00edstica territorial y enlace directo con gobiernos locales. \u200bMinisterio de Obras y Servicios P\u00fablicos: Facilitaci\u00f3n de accesos y despeje de zonas cr\u00edticas. \u200bMinisterio de Seguridad: Resguardo de los equipos t\u00e9cnicos y apoyo en evacuaciones. \u200bSecretar\u00eda de Producci\u00f3n (Direcci\u00f3n de Ganader\u00eda): Soporte t\u00e9cnico y provisi\u00f3n para animales de gran porte. \u200b<\/em>Despliegue Territorial y Alcance Geogr\u00e1fico.<\/p>\n\n\n\n<figure class=\"wp-block-image\"><img loading=\"lazy\" decoding=\"async\" width=\"1274\" height=\"717\" src=\"https:\/\/mascotas.tucuman.gov.ar\/wp-content\/uploads\/2026\/04\/655969953_1257461119909996_5375279276621412523_n-edited.jpg\" alt=\"\" class=\"wp-image-909\" srcset=\"https:\/\/mascotas.tucuman.gov.ar\/wp-content\/uploads\/2026\/04\/655969953_1257461119909996_5375279276621412523_n-edited.jpg 1274w, https:\/\/mascotas.tucuman.gov.ar\/wp-content\/uploads\/2026\/04\/655969953_1257461119909996_5375279276621412523_n-edited-300x169.jpg 300w, https:\/\/mascotas.tucuman.gov.ar\/wp-content\/uploads\/2026\/04\/655969953_1257461119909996_5375279276621412523_n-edited-1024x576.jpg 1024w, https:\/\/mascotas.tucuman.gov.ar\/wp-content\/uploads\/2026\/04\/655969953_1257461119909996_5375279276621412523_n-edited-768x432.jpg 768w\" sizes=\"auto, (max-width: 1274px) 100vw, 1274px\" \/><\/figure>\n\n\n\n<p><br>\u200bEl operativo se concentr\u00f3 en los focos cr\u00edticos afectados por las inclemencias clim\u00e1ticas, logrando cobertura efectiva en:<br>\u200bComuna de La Madrid<br>\u200bMunicipio de Aguilares<br>\u200bSanta Ana<br>\u200bSanta Rosa de Leales<br>\u200bVilla de Leales<br>\u200bEjes de Acci\u00f3n y Asistencia T\u00e9cnica.<\/p>\n\n\n\n<figure class=\"wp-block-gallery has-nested-images columns-default is-cropped wp-block-gallery-1 is-layout-flex wp-block-gallery-is-layout-flex\">\n<figure class=\"wp-block-image size-large\"><img loading=\"lazy\" decoding=\"async\" width=\"1024\" height=\"1024\" data-id=\"910\" src=\"https:\/\/mascotas.tucuman.gov.ar\/wp-content\/uploads\/2026\/04\/657239789_1259751156347659_1832559660359065451_n-1024x1024.jpg\" alt=\"\" class=\"wp-image-910\" srcset=\"https:\/\/mascotas.tucuman.gov.ar\/wp-content\/uploads\/2026\/04\/657239789_1259751156347659_1832559660359065451_n-1024x1024.jpg 1024w, https:\/\/mascotas.tucuman.gov.ar\/wp-content\/uploads\/2026\/04\/657239789_1259751156347659_1832559660359065451_n-300x300.jpg 300w, https:\/\/mascotas.tucuman.gov.ar\/wp-content\/uploads\/2026\/04\/657239789_1259751156347659_1832559660359065451_n-150x150.jpg 150w, https:\/\/mascotas.tucuman.gov.ar\/wp-content\/uploads\/2026\/04\/657239789_1259751156347659_1832559660359065451_n-768x768.jpg 768w, https:\/\/mascotas.tucuman.gov.ar\/wp-content\/uploads\/2026\/04\/657239789_1259751156347659_1832559660359065451_n.jpg 1440w\" sizes=\"auto, (max-width: 1024px) 100vw, 1024px\" \/><\/figure>\n\n\n\n<figure class=\"wp-block-image size-large\"><img loading=\"lazy\" decoding=\"async\" width=\"1024\" height=\"1024\" data-id=\"911\" src=\"https:\/\/mascotas.tucuman.gov.ar\/wp-content\/uploads\/2026\/04\/657499587_1258240903165351_3298247754291699872_n-1024x1024.jpg\" alt=\"\" class=\"wp-image-911\" srcset=\"https:\/\/mascotas.tucuman.gov.ar\/wp-content\/uploads\/2026\/04\/657499587_1258240903165351_3298247754291699872_n-1024x1024.jpg 1024w, https:\/\/mascotas.tucuman.gov.ar\/wp-content\/uploads\/2026\/04\/657499587_1258240903165351_3298247754291699872_n-300x300.jpg 300w, https:\/\/mascotas.tucuman.gov.ar\/wp-content\/uploads\/2026\/04\/657499587_1258240903165351_3298247754291699872_n-150x150.jpg 150w, https:\/\/mascotas.tucuman.gov.ar\/wp-content\/uploads\/2026\/04\/657499587_1258240903165351_3298247754291699872_n-768x768.jpg 768w, https:\/\/mascotas.tucuman.gov.ar\/wp-content\/uploads\/2026\/04\/657499587_1258240903165351_3298247754291699872_n.jpg 1440w\" sizes=\"auto, (max-width: 1024px) 100vw, 1024px\" \/><\/figure>\n\n\n\n<figure class=\"wp-block-image size-large\"><img loading=\"lazy\" decoding=\"async\" width=\"590\" height=\"590\" data-id=\"912\" src=\"https:\/\/mascotas.tucuman.gov.ar\/wp-content\/uploads\/2026\/04\/656833216_1258240886498686_7898478536191343050_n.jpg\" alt=\"\" class=\"wp-image-912\" srcset=\"https:\/\/mascotas.tucuman.gov.ar\/wp-content\/uploads\/2026\/04\/656833216_1258240886498686_7898478536191343050_n.jpg 590w, https:\/\/mascotas.tucuman.gov.ar\/wp-content\/uploads\/2026\/04\/656833216_1258240886498686_7898478536191343050_n-300x300.jpg 300w, https:\/\/mascotas.tucuman.gov.ar\/wp-content\/uploads\/2026\/04\/656833216_1258240886498686_7898478536191343050_n-150x150.jpg 150w\" sizes=\"auto, (max-width: 590px) 100vw, 590px\" \/><\/figure>\n<\/figure>\n\n\n\n<p><br>\u200bLa intervenci\u00f3n se dividi\u00f3 en tres pilares fundamentales para abordar la situaci\u00f3n extraordinaria:<br>\u200bAsistencia Sanitaria Primaria: Diagn\u00f3stico y tratamiento de patolog\u00edas derivadas de la humedad y el hacinamiento (enfermedades cut\u00e1neas, infecciosas y respiratorias). Se mantuvieron activos los servicios de castraci\u00f3n programada, vacunaci\u00f3n antirr\u00e1bica y desparasitaci\u00f3n masiva para evitar brotes epidemiol\u00f3gicos post-inundaci\u00f3n.<br>\u200bSoporte Alimentario y Log\u00edstico: Gracias a la articulaci\u00f3n con la Direcci\u00f3n de Ganader\u00eda, se garantiz\u00f3 el suministro de forraje y alimento balanceado. Esta acci\u00f3n fue clave para asegurar la supervivencia no solo de animales de compa\u00f1\u00eda, sino tambi\u00e9n de animales de gran porte (equinos y ganado), esenciales para la econom\u00eda de subsistencia de las familias rurales.<br>\u200bFortalecimiento a la Sociedad Civil: Se provey\u00f3 de insumos m\u00e9dicos, unidades de movilidad y recursos humanos especializados a fundaciones y asociaciones protectoras. Esta sinergia permiti\u00f3 que la red de ayuda solidaria cubriera \u00e1reas de dif\u00edcil acceso, optimizando cada recurso del Estado.<\/p>\n\n\n\n<figure class=\"wp-block-image size-large is-resized\"><img loading=\"lazy\" decoding=\"async\" width=\"1200\" height=\"1200\" src=\"https:\/\/mascotas.tucuman.gov.ar\/wp-content\/uploads\/2026\/04\/WhatsApp-Image-2026-04-24-at-12.23.48-edited.jpeg\" alt=\"\" class=\"wp-image-918\" style=\"width:946px;height:auto\" srcset=\"https:\/\/mascotas.tucuman.gov.ar\/wp-content\/uploads\/2026\/04\/WhatsApp-Image-2026-04-24-at-12.23.48-edited.jpeg 1200w, https:\/\/mascotas.tucuman.gov.ar\/wp-content\/uploads\/2026\/04\/WhatsApp-Image-2026-04-24-at-12.23.48-edited-300x300.jpeg 300w, https:\/\/mascotas.tucuman.gov.ar\/wp-content\/uploads\/2026\/04\/WhatsApp-Image-2026-04-24-at-12.23.48-edited-1024x1024.jpeg 1024w, https:\/\/mascotas.tucuman.gov.ar\/wp-content\/uploads\/2026\/04\/WhatsApp-Image-2026-04-24-at-12.23.48-edited-150x150.jpeg 150w, https:\/\/mascotas.tucuman.gov.ar\/wp-content\/uploads\/2026\/04\/WhatsApp-Image-2026-04-24-at-12.23.48-edited-768x768.jpeg 768w\" sizes=\"auto, (max-width: 1200px) 100vw, 1200px\" \/><\/figure>\n\n\n\n<p><br>\u200b<br>La labor realizada reafirma el compromiso del Gobierno de Tucum\u00e1n con una gesti\u00f3n operativa y presente. A trav\u00e9s de la unidad de mando y la ejecuci\u00f3n precisa de recursos, el Programa Tucum\u00e1n Mascotas cumpli\u00f3 con el objetivo de proteger el patrimonio afectivo y productivo de los ciudadanos, garantizando la salud animal como un pilar innegociable del bienestar social<\/p>\n\n\n\n<figure class=\"wp-block-gallery has-nested-images columns-default is-cropped wp-block-gallery-2 is-layout-flex wp-block-gallery-is-layout-flex\">\n<figure class=\"wp-block-image size-large\"><img loading=\"lazy\" decoding=\"async\" width=\"1024\" height=\"771\" data-id=\"920\" src=\"https:\/\/mascotas.tucuman.gov.ar\/wp-content\/uploads\/2026\/04\/WhatsApp-Image-2026-04-24-at-12.23.55-1-1024x771.jpeg\" alt=\"\" class=\"wp-image-920\" srcset=\"https:\/\/mascotas.tucuman.gov.ar\/wp-content\/uploads\/2026\/04\/WhatsApp-Image-2026-04-24-at-12.23.55-1-1024x771.jpeg 1024w, https:\/\/mascotas.tucuman.gov.ar\/wp-content\/uploads\/2026\/04\/WhatsApp-Image-2026-04-24-at-12.23.55-1-300x226.jpeg 300w, https:\/\/mascotas.tucuman.gov.ar\/wp-content\/uploads\/2026\/04\/WhatsApp-Image-2026-04-24-at-12.23.55-1-768x578.jpeg 768w, https:\/\/mascotas.tucuman.gov.ar\/wp-content\/uploads\/2026\/04\/WhatsApp-Image-2026-04-24-at-12.23.55-1-1536x1156.jpeg 1536w, https:\/\/mascotas.tucuman.gov.ar\/wp-content\/uploads\/2026\/04\/WhatsApp-Image-2026-04-24-at-12.23.55-1.jpeg 1600w\" sizes=\"auto, (max-width: 1024px) 100vw, 1024px\" \/><\/figure>\n\n\n\n<figure class=\"wp-block-image size-large\"><img loading=\"lazy\" decoding=\"async\" width=\"771\" height=\"1024\" data-id=\"921\" src=\"https:\/\/mascotas.tucuman.gov.ar\/wp-content\/uploads\/2026\/04\/WhatsApp-Image-2026-04-24-at-12.23.55-2-771x1024.jpeg\" alt=\"\" class=\"wp-image-921\" srcset=\"https:\/\/mascotas.tucuman.gov.ar\/wp-content\/uploads\/2026\/04\/WhatsApp-Image-2026-04-24-at-12.23.55-2-771x1024.jpeg 771w, https:\/\/mascotas.tucuman.gov.ar\/wp-content\/uploads\/2026\/04\/WhatsApp-Image-2026-04-24-at-12.23.55-2-226x300.jpeg 226w, https:\/\/mascotas.tucuman.gov.ar\/wp-content\/uploads\/2026\/04\/WhatsApp-Image-2026-04-24-at-12.23.55-2-768x1021.jpeg 768w, https:\/\/mascotas.tucuman.gov.ar\/wp-content\/uploads\/2026\/04\/WhatsApp-Image-2026-04-24-at-12.23.55-2-1156x1536.jpeg 1156w, https:\/\/mascotas.tucuman.gov.ar\/wp-content\/uploads\/2026\/04\/WhatsApp-Image-2026-04-24-at-12.23.55-2.jpeg 1204w\" sizes=\"auto, (max-width: 771px) 100vw, 771px\" \/><\/figure>\n<\/figure>\n\n\n\n<figure class=\"wp-block-image size-large\"><img loading=\"lazy\" decoding=\"async\" width=\"1024\" height=\"768\" src=\"https:\/\/mascotas.tucuman.gov.ar\/wp-content\/uploads\/2026\/04\/WhatsApp-Image-2026-04-24-at-12.23.48-2-1024x768.jpeg\" alt=\"\" class=\"wp-image-922\" srcset=\"https:\/\/mascotas.tucuman.gov.ar\/wp-content\/uploads\/2026\/04\/WhatsApp-Image-2026-04-24-at-12.23.48-2-1024x768.jpeg 1024w, https:\/\/mascotas.tucuman.gov.ar\/wp-content\/uploads\/2026\/04\/WhatsApp-Image-2026-04-24-at-12.23.48-2-300x225.jpeg 300w, https:\/\/mascotas.tucuman.gov.ar\/wp-content\/uploads\/2026\/04\/WhatsApp-Image-2026-04-24-at-12.23.48-2-768x576.jpeg 768w, https:\/\/mascotas.tucuman.gov.ar\/wp-content\/uploads\/2026\/04\/WhatsApp-Image-2026-04-24-at-12.23.48-2-1536x1152.jpeg 1536w, https:\/\/mascotas.tucuman.gov.ar\/wp-content\/uploads\/2026\/04\/WhatsApp-Image-2026-04-24-at-12.23.48-2.jpeg 1600w\" sizes=\"auto, (max-width: 1024px) 100vw, 1024px\" \/><\/figure>\n","protected":false},"excerpt":{"rendered":"<p>Bajo la instrucci\u00f3n directa del Gobernador Osvaldo Jaldo, y en el marco de las pol\u00edticas de cercan\u00eda y protecci\u00f3n ciudadana, el Programa Tucum\u00e1n Mascotas despleg\u00f3 un dispositivo de emergencia para mitigar los efectos de las inundaciones en las zonas m\u00e1s vulnerables de la provincia. Esta acci\u00f3n se fundament\u00f3 en la premisa de que la salud [&hellip;]<\/p>\n","protected":false},"author":5,"featured_media":0,"comment_status":"open","ping_status":"open","sticky":false,"template":"","format":"standard","meta":{"footnotes":""},"categories":[10,6,1],"tags":[11],"class_list":["post-903","post","type-post","status-publish","format-standard","hentry","category-gestion","category-pub","category-sin-categoria","tag-home"],"blocksy_meta":[],"_links":{"self":[{"href":"https:\/\/mascotas.tucuman.gov.ar\/index.php\/wp-json\/wp\/v2\/posts\/903","targetHints":{"allow":["GET"]}}],"collection":[{"href":"https:\/\/mascotas.tucuman.gov.ar\/index.php\/wp-json\/wp\/v2\/posts"}],"about":[{"href":"https:\/\/mascotas.tucuman.gov.ar\/index.php\/wp-json\/wp\/v2\/types\/post"}],"author":[{"embeddable":true,"href":"https:\/\/mascotas.tucuman.gov.ar\/index.php\/wp-json\/wp\/v2\/users\/5"}],"replies":[{"embeddable":true,"href":"https:\/\/mascotas.tucuman.gov.ar\/index.php\/wp-json\/wp\/v2\/comments?post=903"}],"version-history":[{"count":1,"href":"https:\/\/mascotas.tucuman.gov.ar\/index.php\/wp-json\/wp\/v2\/posts\/903\/revisions"}],"predecessor-version":[{"id":923,"href":"https:\/\/mascotas.tucuman.gov.ar\/index.php\/wp-json\/wp\/v2\/posts\/903\/revisions\/923"}],"wp:attachment":[{"href":"https:\/\/mascotas.tucuman.gov.ar\/index.php\/wp-json\/wp\/v2\/media?parent=903"}],"wp:term":[{"taxonomy":"category","embeddable":true,"href":"https:\/\/mascotas.tucuman.gov.ar\/index.php\/wp-json\/wp\/v2\/categories?post=903"},{"taxonomy":"post_tag","embeddable":true,"href":"https:\/\/mascotas.tucuman.gov.ar\/index.php\/wp-json\/wp\/v2\/tags?post=903"}],"curies":[{"name":"wp","href":"https:\/\/api.w.org\/{rel}","templated":true}]}}